{"id":1002,"date":"2026-01-23T15:24:52","date_gmt":"2026-01-23T18:24:52","guid":{"rendered":"https:\/\/memoria.abc.org.br\/abc-sbpc-higher-education-forum\/"},"modified":"2026-01-26T11:48:48","modified_gmt":"2026-01-26T14:48:48","slug":"abc-sbpc-higher-education-forum","status":"publish","type":"post","link":"https:\/\/memoria.abc.org.br\/en\/abc-sbpc-higher-education-forum\/","title":{"rendered":"ABC-SBPC Higher Education Forum"},"content":{"rendered":"\n<p>The Brazilian Academy of Sciences and the Brazilian Society for the Advancement of Science created in 2024 a series of webinars &#8211; the <strong>Higher Education Forum<\/strong>. The series was inaugurated with a historical rescue of the sector in Brazil. Sociologist and academic <strong>Simon Schwartzman<\/strong> and physician and professor <strong>Naomar Monteiro<\/strong> discussed the origin of university models, questioning the &#8220;<a href=\"https:\/\/en-wikipedia-org.translate.goog\/wiki\/Alexander_von_Humboldt?_x_tr_sl=en&amp;_x_tr_tl=pt&amp;_x_tr_hl=pt&amp;_x_tr_pto=tc\">myth of Humboldt<\/a>&#8221; and the idea that the research university would have emerged in a finished form in the nineteenth century.  which are not the only ones, but just a model within a diverse system. The debate was led by Academics <strong>Aldo Zarbin<\/strong> and <strong>Sylvio Canuto<\/strong>. In Brazil, the researchers highlighted the strong division between <strong>public universities<\/strong>, responsible for almost all<strong> scientific production<\/strong>, and <strong>private institutions<\/strong>, which concentrate <strong>the majority of students <\/strong>and distance learning courses. Although the model of federal universities, structured from the 1968 reform, has been successful in producing high-level research, it is not sufficient to meet the growing demand for higher education. Both defended <strong>greater institutional autonomy, more flexible and differentiated assessments, and a plural ecosystem, capable of accommodating different vocations, even in the face of challenges such as the expansion of distance learning and the need to ensure quality and social impact<\/strong>.      <\/p>\n\n\n\n<p>Link to the webinar:<\/p>\n\n\n\n<figure class=\"wp-block-embed is-type-video is-provider-youtube wp-block-embed-youtube wp-embed-aspect-16-9 wp-has-aspect-ratio\"><div class=\"wp-block-embed__wrapper\">\n<div class=\"embed-responsive embed-responsive-16by9\"><iframe loading=\"lazy\" class=\"embed-responsive-item\"  title=\"F\u00f3rum da Educa\u00e7\u00e3o Superior ABC\/SBPC: \u201cUm resgate hist\u00f3rico sobre o ensino superior no Brasil\u201d\" width=\"500\" height=\"281\" src=\"https:\/\/www.youtube.com\/embed\/qvsqF5s5ZkY?list=PLOMY7wSRDrybzw9Xz53qnB3w-S1i1GodB\" frameborder=\"0\" allow=\"accelerometer; autoplay; clipboard-write; encrypted-media; gyroscope; picture-in-picture; web-share\" referrerpolicy=\"strict-origin-when-cross-origin\" allowfullscreen><\/iframe><\/div>\n<\/div><\/figure>\n\n\n\n<p>Link to the article:<\/p>\n\n\n\n<figure class=\"wp-block-embed is-type-wp-embed is-provider-abc-academia-brasileira-de-ci-ncias wp-block-embed-abc-academia-brasileira-de-ci-ncias\"><div class=\"wp-block-embed__wrapper\">\n<blockquote class=\"wp-embedded-content\" data-secret=\"FGHy4S31wj\"><a href=\"https:\/\/www.abc.org.br\/2024\/02\/28\/forum-abc-sbpc-sobre-educacao-superior-discute-os-diferentes-modelos-de-universidade\/\">F\u00f3rum ABC\/SBPC discute os diferentes modelos de universidade<\/a><\/blockquote><iframe loading=\"lazy\" class=\"embed-responsive-item\"  class=\"wp-embedded-content\" sandbox=\"allow-scripts\" security=\"restricted\" style=\"position: absolute; visibility: hidden;\" title=\"&#8220;F\u00f3rum ABC\/SBPC discute os diferentes modelos de universidade&#8221; &#8212; ABC - Academia Brasileira de Ci\u00eancias\" src=\"https:\/\/www.abc.org.br\/2024\/02\/28\/forum-abc-sbpc-sobre-educacao-superior-discute-os-diferentes-modelos-de-universidade\/embed\/#?secret=aBBqj8VIqz#?secret=FGHy4S31wj\" data-secret=\"FGHy4S31wj\" width=\"500\" height=\"282\" frameborder=\"0\" marginwidth=\"0\" marginheight=\"0\" scrolling=\"no\"><\/iframe>\n<\/div><\/figure>\n\n\n\n<p><\/p>\n\n\n\n<p><\/p>\n","protected":false},"excerpt":{"rendered":"<p>Series of thematic webinars began with a historical review of higher education in Brazil<\/p>\n","protected":false},"author":1,"featured_media":953,"comment_status":"open","ping_status":"open","sticky":false,"template":"","format":"standard","meta":{"_acf_changed":false,"footnotes":""},"tags":[],"tipo":[34],"serie":[37],"class_list":["post-1002","post","type-post","status-publish","format-standard","has-post-thumbnail","hentry","tipo-webinar","serie-webinars-higher-education"],"acf":[],"yoast_head":"<!-- This site is optimized with the Yoast SEO plugin v26.8 - https:\/\/yoast.com\/product\/yoast-seo-wordpress\/ -->\n<title>ABC-SBPC Higher Education Forum | Centro de Mem\u00f3ria da Academia Brasileira de Ci\u00eancias<\/title>\n<meta name=\"robots\" content=\"index, follow, max-snippet:-1, max-image-preview:large, max-video-preview:-1\" \/>\n<link rel=\"canonical\" href=\"https:\/\/memoria.abc.org.br\/en\/abc-sbpc-higher-education-forum\/\" \/>\n<meta property=\"og:locale\" content=\"en_US\" \/>\n<meta property=\"og:type\" content=\"article\" \/>\n<meta property=\"og:title\" content=\"ABC-SBPC Higher Education Forum | Centro de Mem\u00f3ria da Academia Brasileira de Ci\u00eancias\" \/>\n<meta property=\"og:description\" content=\"Series of thematic webinars began with a historical review of higher education in Brazil\" \/>\n<meta property=\"og:url\" content=\"https:\/\/memoria.abc.org.br\/en\/abc-sbpc-higher-education-forum\/\" \/>\n<meta property=\"og:site_name\" content=\"Centro de Mem\u00f3ria da Academia Brasileira de Ci\u00eancias\" \/>\n<meta property=\"article:publisher\" content=\"https:\/\/www.facebook.com\/abciencias\" \/>\n<meta property=\"article:published_time\" content=\"2026-01-23T18:24:52+00:00\" \/>\n<meta property=\"article:modified_time\" content=\"2026-01-26T14:48:48+00:00\" \/>\n<meta property=\"og:image\" content=\"https:\/\/memoria.abc.org.br\/wp-content\/uploads\/2026\/01\/forum-ed-superior.jpg\" \/>\n\t<meta property=\"og:image:width\" content=\"1920\" \/>\n\t<meta property=\"og:image:height\" content=\"1080\" \/>\n\t<meta property=\"og:image:type\" content=\"image\/jpeg\" \/>\n<meta name=\"author\" content=\"sintropika\" \/>\n<meta name=\"twitter:card\" content=\"summary_large_image\" \/>\n<meta name=\"twitter:creator\" content=\"@abciencias\" \/>\n<meta name=\"twitter:site\" content=\"@abciencias\" \/>\n<meta name=\"twitter:label1\" content=\"Written by\" \/>\n\t<meta name=\"twitter:data1\" content=\"sintropika\" \/>\n\t<meta name=\"twitter:label2\" content=\"Est. reading time\" \/>\n\t<meta name=\"twitter:data2\" content=\"1 minute\" \/>\n<script type=\"application\/ld+json\" class=\"yoast-schema-graph\">{\"@context\":\"https:\/\/schema.org\",\"@graph\":[{\"@type\":\"Article\",\"@id\":\"https:\/\/memoria.abc.org.br\/en\/abc-sbpc-higher-education-forum\/#article\",\"isPartOf\":{\"@id\":\"https:\/\/memoria.abc.org.br\/en\/abc-sbpc-higher-education-forum\/\"},\"author\":{\"name\":\"sintropika\",\"@id\":\"https:\/\/memoria.abc.org.br\/en\/#\/schema\/person\/4734665e61d52f99d4534b5fd1cd1c46\"},\"headline\":\"ABC-SBPC Higher Education Forum\",\"datePublished\":\"2026-01-23T18:24:52+00:00\",\"dateModified\":\"2026-01-26T14:48:48+00:00\",\"mainEntityOfPage\":{\"@id\":\"https:\/\/memoria.abc.org.br\/en\/abc-sbpc-higher-education-forum\/\"},\"wordCount\":239,\"commentCount\":0,\"publisher\":{\"@id\":\"https:\/\/memoria.abc.org.br\/en\/#organization\"},\"image\":{\"@id\":\"https:\/\/memoria.abc.org.br\/en\/abc-sbpc-higher-education-forum\/#primaryimage\"},\"thumbnailUrl\":\"https:\/\/memoria.abc.org.br\/wp-content\/uploads\/2026\/01\/forum-ed-superior.jpg\",\"inLanguage\":\"en-US\"},{\"@type\":\"WebPage\",\"@id\":\"https:\/\/memoria.abc.org.br\/en\/abc-sbpc-higher-education-forum\/\",\"url\":\"https:\/\/memoria.abc.org.br\/en\/abc-sbpc-higher-education-forum\/\",\"name\":\"ABC-SBPC Higher Education Forum | Centro de Mem\u00f3ria da Academia Brasileira de Ci\u00eancias\",\"isPartOf\":{\"@id\":\"https:\/\/memoria.abc.org.br\/en\/#website\"},\"primaryImageOfPage\":{\"@id\":\"https:\/\/memoria.abc.org.br\/en\/abc-sbpc-higher-education-forum\/#primaryimage\"},\"image\":{\"@id\":\"https:\/\/memoria.abc.org.br\/en\/abc-sbpc-higher-education-forum\/#primaryimage\"},\"thumbnailUrl\":\"https:\/\/memoria.abc.org.br\/wp-content\/uploads\/2026\/01\/forum-ed-superior.jpg\",\"datePublished\":\"2026-01-23T18:24:52+00:00\",\"dateModified\":\"2026-01-26T14:48:48+00:00\",\"breadcrumb\":{\"@id\":\"https:\/\/memoria.abc.org.br\/en\/abc-sbpc-higher-education-forum\/#breadcrumb\"},\"inLanguage\":\"en-US\",\"potentialAction\":[{\"@type\":\"ReadAction\",\"target\":[\"https:\/\/memoria.abc.org.br\/en\/abc-sbpc-higher-education-forum\/\"]}]},{\"@type\":\"ImageObject\",\"inLanguage\":\"en-US\",\"@id\":\"https:\/\/memoria.abc.org.br\/en\/abc-sbpc-higher-education-forum\/#primaryimage\",\"url\":\"https:\/\/memoria.abc.org.br\/wp-content\/uploads\/2026\/01\/forum-ed-superior.jpg\",\"contentUrl\":\"https:\/\/memoria.abc.org.br\/wp-content\/uploads\/2026\/01\/forum-ed-superior.jpg\",\"width\":1920,\"height\":1080},{\"@type\":\"BreadcrumbList\",\"@id\":\"https:\/\/memoria.abc.org.br\/en\/abc-sbpc-higher-education-forum\/#breadcrumb\",\"itemListElement\":[{\"@type\":\"ListItem\",\"position\":1,\"name\":\"In\u00edcio\",\"item\":\"https:\/\/memoria.abc.org.br\/en\/\"},{\"@type\":\"ListItem\",\"position\":2,\"name\":\"ABC-SBPC Higher Education Forum\"}]},{\"@type\":\"WebSite\",\"@id\":\"https:\/\/memoria.abc.org.br\/en\/#website\",\"url\":\"https:\/\/memoria.abc.org.br\/en\/\",\"name\":\"Centro de Mem\u00f3ria da Academia Brasileira de Ci\u00eancias\",\"description\":\"\",\"publisher\":{\"@id\":\"https:\/\/memoria.abc.org.br\/en\/#organization\"},\"potentialAction\":[{\"@type\":\"SearchAction\",\"target\":{\"@type\":\"EntryPoint\",\"urlTemplate\":\"https:\/\/memoria.abc.org.br\/en\/?s={search_term_string}\"},\"query-input\":{\"@type\":\"PropertyValueSpecification\",\"valueRequired\":true,\"valueName\":\"search_term_string\"}}],\"inLanguage\":\"en-US\"},{\"@type\":\"Organization\",\"@id\":\"https:\/\/memoria.abc.org.br\/en\/#organization\",\"name\":\"Centro de Mem\u00f3ria da Academia Brasileira de Ci\u00eancias\",\"url\":\"https:\/\/memoria.abc.org.br\/en\/\",\"logo\":{\"@type\":\"ImageObject\",\"inLanguage\":\"en-US\",\"@id\":\"https:\/\/memoria.abc.org.br\/en\/#\/schema\/logo\/image\/\",\"url\":\"https:\/\/memoria.abc.org.br\/wp-content\/uploads\/2025\/11\/cropped-favicon.png\",\"contentUrl\":\"https:\/\/memoria.abc.org.br\/wp-content\/uploads\/2025\/11\/cropped-favicon.png\",\"width\":512,\"height\":512,\"caption\":\"Centro de Mem\u00f3ria da Academia Brasileira de Ci\u00eancias\"},\"image\":{\"@id\":\"https:\/\/memoria.abc.org.br\/en\/#\/schema\/logo\/image\/\"},\"sameAs\":[\"https:\/\/www.facebook.com\/abciencias\",\"https:\/\/x.com\/abciencias\",\"https:\/\/www.instagram.com\/abciencias\"]},{\"@type\":\"Person\",\"@id\":\"https:\/\/memoria.abc.org.br\/en\/#\/schema\/person\/4734665e61d52f99d4534b5fd1cd1c46\",\"name\":\"sintropika\",\"image\":{\"@type\":\"ImageObject\",\"inLanguage\":\"en-US\",\"@id\":\"https:\/\/memoria.abc.org.br\/en\/#\/schema\/person\/image\/\",\"url\":\"https:\/\/secure.gravatar.com\/avatar\/35d24915ddd39821c2eae3dc979a4439be79c1ab39a90d812d7f46a7cf0a717e?s=96&d=mm&r=g\",\"contentUrl\":\"https:\/\/secure.gravatar.com\/avatar\/35d24915ddd39821c2eae3dc979a4439be79c1ab39a90d812d7f46a7cf0a717e?s=96&d=mm&r=g\",\"caption\":\"sintropika\"},\"sameAs\":[\"https:\/\/memoria.abc.org.br\"]}]}<\/script>\n<!-- \/ Yoast SEO plugin. -->","yoast_head_json":{"title":"ABC-SBPC Higher Education Forum | Centro de Mem\u00f3ria da Academia Brasileira de Ci\u00eancias","robots":{"index":"index","follow":"follow","max-snippet":"max-snippet:-1","max-image-preview":"max-image-preview:large","max-video-preview":"max-video-preview:-1"},"canonical":"https:\/\/memoria.abc.org.br\/en\/abc-sbpc-higher-education-forum\/","og_locale":"en_US","og_type":"article","og_title":"ABC-SBPC Higher Education Forum | Centro de Mem\u00f3ria da Academia Brasileira de Ci\u00eancias","og_description":"Series of thematic webinars began with a historical review of higher education in Brazil","og_url":"https:\/\/memoria.abc.org.br\/en\/abc-sbpc-higher-education-forum\/","og_site_name":"Centro de Mem\u00f3ria da Academia Brasileira de Ci\u00eancias","article_publisher":"https:\/\/www.facebook.com\/abciencias","article_published_time":"2026-01-23T18:24:52+00:00","article_modified_time":"2026-01-26T14:48:48+00:00","og_image":[{"width":1920,"height":1080,"url":"https:\/\/memoria.abc.org.br\/wp-content\/uploads\/2026\/01\/forum-ed-superior.jpg","type":"image\/jpeg"}],"author":"sintropika","twitter_card":"summary_large_image","twitter_creator":"@abciencias","twitter_site":"@abciencias","twitter_misc":{"Written by":"sintropika","Est. reading time":"1 minute"},"schema":{"@context":"https:\/\/schema.org","@graph":[{"@type":"Article","@id":"https:\/\/memoria.abc.org.br\/en\/abc-sbpc-higher-education-forum\/#article","isPartOf":{"@id":"https:\/\/memoria.abc.org.br\/en\/abc-sbpc-higher-education-forum\/"},"author":{"name":"sintropika","@id":"https:\/\/memoria.abc.org.br\/en\/#\/schema\/person\/4734665e61d52f99d4534b5fd1cd1c46"},"headline":"ABC-SBPC Higher Education Forum","datePublished":"2026-01-23T18:24:52+00:00","dateModified":"2026-01-26T14:48:48+00:00","mainEntityOfPage":{"@id":"https:\/\/memoria.abc.org.br\/en\/abc-sbpc-higher-education-forum\/"},"wordCount":239,"commentCount":0,"publisher":{"@id":"https:\/\/memoria.abc.org.br\/en\/#organization"},"image":{"@id":"https:\/\/memoria.abc.org.br\/en\/abc-sbpc-higher-education-forum\/#primaryimage"},"thumbnailUrl":"https:\/\/memoria.abc.org.br\/wp-content\/uploads\/2026\/01\/forum-ed-superior.jpg","inLanguage":"en-US"},{"@type":"WebPage","@id":"https:\/\/memoria.abc.org.br\/en\/abc-sbpc-higher-education-forum\/","url":"https:\/\/memoria.abc.org.br\/en\/abc-sbpc-higher-education-forum\/","name":"ABC-SBPC Higher Education Forum | Centro de Mem\u00f3ria da Academia Brasileira de Ci\u00eancias","isPartOf":{"@id":"https:\/\/memoria.abc.org.br\/en\/#website"},"primaryImageOfPage":{"@id":"https:\/\/memoria.abc.org.br\/en\/abc-sbpc-higher-education-forum\/#primaryimage"},"image":{"@id":"https:\/\/memoria.abc.org.br\/en\/abc-sbpc-higher-education-forum\/#primaryimage"},"thumbnailUrl":"https:\/\/memoria.abc.org.br\/wp-content\/uploads\/2026\/01\/forum-ed-superior.jpg","datePublished":"2026-01-23T18:24:52+00:00","dateModified":"2026-01-26T14:48:48+00:00","breadcrumb":{"@id":"https:\/\/memoria.abc.org.br\/en\/abc-sbpc-higher-education-forum\/#breadcrumb"},"inLanguage":"en-US","potentialAction":[{"@type":"ReadAction","target":["https:\/\/memoria.abc.org.br\/en\/abc-sbpc-higher-education-forum\/"]}]},{"@type":"ImageObject","inLanguage":"en-US","@id":"https:\/\/memoria.abc.org.br\/en\/abc-sbpc-higher-education-forum\/#primaryimage","url":"https:\/\/memoria.abc.org.br\/wp-content\/uploads\/2026\/01\/forum-ed-superior.jpg","contentUrl":"https:\/\/memoria.abc.org.br\/wp-content\/uploads\/2026\/01\/forum-ed-superior.jpg","width":1920,"height":1080},{"@type":"BreadcrumbList","@id":"https:\/\/memoria.abc.org.br\/en\/abc-sbpc-higher-education-forum\/#breadcrumb","itemListElement":[{"@type":"ListItem","position":1,"name":"In\u00edcio","item":"https:\/\/memoria.abc.org.br\/en\/"},{"@type":"ListItem","position":2,"name":"ABC-SBPC Higher Education Forum"}]},{"@type":"WebSite","@id":"https:\/\/memoria.abc.org.br\/en\/#website","url":"https:\/\/memoria.abc.org.br\/en\/","name":"Centro de Mem\u00f3ria da Academia Brasileira de Ci\u00eancias","description":"","publisher":{"@id":"https:\/\/memoria.abc.org.br\/en\/#organization"},"potentialAction":[{"@type":"SearchAction","target":{"@type":"EntryPoint","urlTemplate":"https:\/\/memoria.abc.org.br\/en\/?s={search_term_string}"},"query-input":{"@type":"PropertyValueSpecification","valueRequired":true,"valueName":"search_term_string"}}],"inLanguage":"en-US"},{"@type":"Organization","@id":"https:\/\/memoria.abc.org.br\/en\/#organization","name":"Centro de Mem\u00f3ria da Academia Brasileira de Ci\u00eancias","url":"https:\/\/memoria.abc.org.br\/en\/","logo":{"@type":"ImageObject","inLanguage":"en-US","@id":"https:\/\/memoria.abc.org.br\/en\/#\/schema\/logo\/image\/","url":"https:\/\/memoria.abc.org.br\/wp-content\/uploads\/2025\/11\/cropped-favicon.png","contentUrl":"https:\/\/memoria.abc.org.br\/wp-content\/uploads\/2025\/11\/cropped-favicon.png","width":512,"height":512,"caption":"Centro de Mem\u00f3ria da Academia Brasileira de Ci\u00eancias"},"image":{"@id":"https:\/\/memoria.abc.org.br\/en\/#\/schema\/logo\/image\/"},"sameAs":["https:\/\/www.facebook.com\/abciencias","https:\/\/x.com\/abciencias","https:\/\/www.instagram.com\/abciencias"]},{"@type":"Person","@id":"https:\/\/memoria.abc.org.br\/en\/#\/schema\/person\/4734665e61d52f99d4534b5fd1cd1c46","name":"sintropika","image":{"@type":"ImageObject","inLanguage":"en-US","@id":"https:\/\/memoria.abc.org.br\/en\/#\/schema\/person\/image\/","url":"https:\/\/secure.gravatar.com\/avatar\/35d24915ddd39821c2eae3dc979a4439be79c1ab39a90d812d7f46a7cf0a717e?s=96&d=mm&r=g","contentUrl":"https:\/\/secure.gravatar.com\/avatar\/35d24915ddd39821c2eae3dc979a4439be79c1ab39a90d812d7f46a7cf0a717e?s=96&d=mm&r=g","caption":"sintropika"},"sameAs":["https:\/\/memoria.abc.org.br"]}]}},"_links":{"self":[{"href":"https:\/\/memoria.abc.org.br\/en\/wp-json\/wp\/v2\/posts\/1002","targetHints":{"allow":["GET"]}}],"collection":[{"href":"https:\/\/memoria.abc.org.br\/en\/wp-json\/wp\/v2\/posts"}],"about":[{"href":"https:\/\/memoria.abc.org.br\/en\/wp-json\/wp\/v2\/types\/post"}],"author":[{"embeddable":true,"href":"https:\/\/memoria.abc.org.br\/en\/wp-json\/wp\/v2\/users\/1"}],"replies":[{"embeddable":true,"href":"https:\/\/memoria.abc.org.br\/en\/wp-json\/wp\/v2\/comments?post=1002"}],"version-history":[{"count":1,"href":"https:\/\/memoria.abc.org.br\/en\/wp-json\/wp\/v2\/posts\/1002\/revisions"}],"predecessor-version":[{"id":1074,"href":"https:\/\/memoria.abc.org.br\/en\/wp-json\/wp\/v2\/posts\/1002\/revisions\/1074"}],"wp:featuredmedia":[{"embeddable":true,"href":"https:\/\/memoria.abc.org.br\/en\/wp-json\/wp\/v2\/media\/953"}],"wp:attachment":[{"href":"https:\/\/memoria.abc.org.br\/en\/wp-json\/wp\/v2\/media?parent=1002"}],"wp:term":[{"taxonomy":"post_tag","embeddable":true,"href":"https:\/\/memoria.abc.org.br\/en\/wp-json\/wp\/v2\/tags?post=1002"},{"taxonomy":"tipo","embeddable":true,"href":"https:\/\/memoria.abc.org.br\/en\/wp-json\/wp\/v2\/tipo?post=1002"},{"taxonomy":"serie","embeddable":true,"href":"https:\/\/memoria.abc.org.br\/en\/wp-json\/wp\/v2\/serie?post=1002"}],"curies":[{"name":"wp","href":"https:\/\/api.w.org\/{rel}","templated":true}]}}