{"id":1032,"date":"2026-01-23T16:18:00","date_gmt":"2026-01-23T19:18:00","guid":{"rendered":"https:\/\/memoria.abc.org.br\/abc-leads-science-20-2024\/"},"modified":"2026-01-26T11:47:28","modified_gmt":"2026-01-26T14:47:28","slug":"abc-leads-science-20-2024","status":"publish","type":"post","link":"https:\/\/memoria.abc.org.br\/en\/abc-leads-science-20-2024\/","title":{"rendered":"ABC leads Science 20 2024"},"content":{"rendered":"\n<p>In 2024, <strong>the Brazilian Academy of Sciences (ABC) organized the eighth edition of Science20 (S20),<\/strong> the G20 Science and Technology engagement group, a forum that brings together the main industrialized and emerging countries on the planet. Made up of the academies of sciences of the bloc&#8217;s countries, <strong>the S20 aims to promote dialogue among the scientific community on critical issues and to provide recommendations, based on a consensus document, to the governments of the G20 countries<\/strong>. <\/p>\n\n\n\n<p><strong>Initiation Meeting<\/strong><\/p>\n\n\n\n<p>On March 11 and 12, the academies met to open the work of Science20 in 2024. The meeting in Rio de Janeiro was attended by representatives from all countries in the bloc, except Russia, South Korea and Japan \u2013 the latter two sent videos. This time, the meeting was also attended by the European Academy. International scientific institutions and regional networks of academies participated as observers.   <\/p>\n\n\n\n<p>The discussions of this first meeting revolved around the proposals made by ABC, which, as the host of S20, suggested five main themes: <strong>Artificial Intelligence; Bioeconomy; Energy Transition; Health and Social Justice<\/strong>.<\/p>\n\n\n\n<figure class=\"wp-block-image size-large\"><img loading=\"lazy\" decoding=\"async\" width=\"1024\" height=\"648\" src=\"https:\/\/memoria.abc.org.br\/wp-content\/uploads\/2026\/01\/Imagem_1-1024x648.jpg\" alt=\"\" class=\"wp-image-920\" srcset=\"https:\/\/memoria.abc.org.br\/wp-content\/uploads\/2026\/01\/Imagem_1-1024x648.jpg 1024w, https:\/\/memoria.abc.org.br\/wp-content\/uploads\/2026\/01\/Imagem_1-300x190.jpg 300w, https:\/\/memoria.abc.org.br\/wp-content\/uploads\/2026\/01\/Imagem_1-768x486.jpg 768w, https:\/\/memoria.abc.org.br\/wp-content\/uploads\/2026\/01\/Imagem_1.jpg 1431w\" sizes=\"auto, (max-width: 1024px) 100vw, 1024px\" \/><figcaption class=\"wp-element-caption\">President of ABC speaks to those present at the meeting<\/figcaption><\/figure>\n\n\n\n<ul class=\"wp-block-list\">\n<li><strong>Artificial Intelligence<\/strong><\/li>\n<\/ul>\n\n\n\n<p>Perhaps the most current issue on the technological frontier, Artificial Intelligence (AI) was intensely debated during the two days. Developing countries have highlighted <strong>investment in infrastructure and technological capacity<\/strong> as crucial if the push for AI is not to create<strong>even greater friction between rich and poor<\/strong>. Concerns have been expressed about a new kind of<strong> &#8220;digital colonialism,&#8221;<\/strong> where AIs developed by rich countries and fed mostly with data from the Global North create new forms of discrimination and domination. <strong>Open access, open data, and transparency mechanisms <\/strong>have been advocated as enablers for <strong>a more equitable development<\/strong> of these technologies.  <\/p>\n\n\n\n<p>Another recurring point was the <strong>impact of AIs on the labor market<\/strong>. Recently, the International Monetary Fund (IMF) declared that 40% of current jobs could be extinguished due to AI. At the same time, it was reminded that new technologies tend to create new jobs that were previously unimaginable.  &nbsp;<\/p>\n\n\n\n<p>The Chinese Academy of Sciences (CAS) has advocated a <strong>cautious AI model with humans at the center<\/strong>. Italy&#8217;s Accademia Nazionale dei Lincei has expressed concerns about AI in <strong>the arms industry<\/strong>. Other European representatives also recalled the <strong>environmental impacts<\/strong> generated by this technology. &#8220;The carbon footprint of AI is still small, but it is expected to grow exponentially. The establishment of <strong>global governance in AI <\/strong>should be considered,&#8221; suggested Francis Andr\u00e9 Wollman, vice president of the French academy.    <\/p>\n\n\n\n<ul class=\"wp-block-list\">\n<li><strong>Bioeconomy<\/strong><\/li>\n<\/ul>\n\n\n\n<p>The <strong>issue of greater convergence <\/strong>among the countries present, the development of a bioeconomy, that is, a <strong>more sustainable economic model integrated with the Earth&#8217;s biological systems<\/strong>, was defended by all.<\/p>\n\n\n\n<p>This process, the countries agree, should be done in a way that <strong>includes local populations<\/strong>. In this sense, some considerations have been made regarding the capacity and speed with which each country can adapt without sacrificing the well-being of its people. &#8220;There is no single recipe for each country to reach its bioeconomic potential,&#8221; summarized Yunita Winarto, from the Indonesian Academy of Sciences.  <\/p>\n\n\n\n<p>On a more specific point, Australia, Germany and Mexico signaled that <strong>aquaculture practices should have more space in discussions about the bioeconomy<\/strong>.<\/p>\n\n\n\n<figure class=\"wp-block-image size-large\"><img loading=\"lazy\" decoding=\"async\" width=\"1024\" height=\"682\" src=\"https:\/\/memoria.abc.org.br\/wp-content\/uploads\/2026\/01\/Imagem_2-1024x682.jpg\" alt=\"\" class=\"wp-image-922\" srcset=\"https:\/\/memoria.abc.org.br\/wp-content\/uploads\/2026\/01\/Imagem_2-1024x682.jpg 1024w, https:\/\/memoria.abc.org.br\/wp-content\/uploads\/2026\/01\/Imagem_2-300x200.jpg 300w, https:\/\/memoria.abc.org.br\/wp-content\/uploads\/2026\/01\/Imagem_2-768x512.jpg 768w, https:\/\/memoria.abc.org.br\/wp-content\/uploads\/2026\/01\/Imagem_2.jpg 1358w\" sizes=\"auto, (max-width: 1024px) 100vw, 1024px\" \/><figcaption class=\"wp-element-caption\">The representatives of the national academies gathered in the S20<\/figcaption><\/figure>\n\n\n\n<ul class=\"wp-block-list\">\n<li><strong>Energy Transition<\/strong><\/li>\n<\/ul>\n\n\n\n<p>The imperative of <strong>climate change<\/strong> forces the world to seriously consider <strong>replacing fossil fuels with renewable energy<\/strong>. However, the global dependence on oil and coal makes this a point of much debate. Brazil is in a privileged position in the global context, since half of its energy matrix is clean, but it is an exception to the rule.  <\/p>\n\n\n\n<p>The majority advocate was for a <strong>transition to zero emissions<\/strong>, with some countries emphasizing the issue of <strong>energy justice<\/strong> as a crucial factor. The representative of King AbdulAziz University, from Saudi Arabia, criticized the total elimination of fossil fuels. The Chinese academy, on the other hand, stressed that the impacts of the transition must be considered along with the specificities of each country. In a practical example, the representative of the National Academy of Exact Physical Sciences and Naturales, of Argentina, addressed the mega gas field of Vaca Muerta, where the country has been increasing the extraction of natural gas and studying the prospecting of unconventional gases, such as the so-called blue hydrogen, which also pollutes the atmosphere.   <\/p>\n\n\n\n<p>Another point in which Brazil stands out is in the <strong>use of biofuels<\/strong>, such as ethanol. The country defended this alternative as one of the tools for the climate transition, which was followed by Australia. The representative of the French academy, on the other hand, <strong>criticized biofuels for competing for space with food production<\/strong>. On another issue, China, France, Mexico and the United Kingdom defended<strong> nuclear energy <\/strong>as indispensable for the energy transition.   <\/p>\n\n\n\n<figure class=\"wp-block-image size-large\"><img loading=\"lazy\" decoding=\"async\" width=\"1024\" height=\"682\" src=\"https:\/\/memoria.abc.org.br\/wp-content\/uploads\/2026\/01\/Imagem_3-1024x682.jpg\" alt=\"\" class=\"wp-image-924\" srcset=\"https:\/\/memoria.abc.org.br\/wp-content\/uploads\/2026\/01\/Imagem_3-1024x682.jpg 1024w, https:\/\/memoria.abc.org.br\/wp-content\/uploads\/2026\/01\/Imagem_3-300x200.jpg 300w, https:\/\/memoria.abc.org.br\/wp-content\/uploads\/2026\/01\/Imagem_3-768x512.jpg 768w, https:\/\/memoria.abc.org.br\/wp-content\/uploads\/2026\/01\/Imagem_3.jpg 1358w\" sizes=\"auto, (max-width: 1024px) 100vw, 1024px\" \/><figcaption class=\"wp-element-caption\"><strong>Indonesian representatives present their views during S20<\/strong><\/figcaption><\/figure>\n\n\n\n<ul class=\"wp-block-list\">\n<li><strong>Health<\/strong><\/li>\n<\/ul>\n\n\n\n<p>There was a <strong>unanimous defense of the concept of One Health<\/strong>, in which human health is understood together with the health of the environment. The <strong>holistic approach to health <\/strong>was a key focus of the Indian presidency in S20 in 2023, and its representatives highlighted this approach in their considerations. A variety of topics were raised, such as <strong>population aging<\/strong>, which most G20 countries face, and the <strong>impact of climate change on human health<\/strong>.  <\/p>\n\n\n\n<ul class=\"wp-block-list\">\n<li><strong>Social Justice<\/strong><\/li>\n<\/ul>\n\n\n\n<p>Within the fifth theme proposed by Brazil, one of the key challenges is the <strong>fight against poverty<\/strong>. Countries were unanimous in defending <strong>the social sciences as essential to these efforts and addressed various faces of global inequality, such as disparity in access to energy, education, internet, food, and water<\/strong>. <\/p>\n\n\n\n<p>On more specific topics, the representative of the Turkish academy criticized the global scientific community for, in his view, &#8220;not addressing the humanitarian tragedy in Gaza.&#8221; The representative of the Argentine academy expressed great concern about what he called &#8220;total uncertainty&#8221; about the funding of research and public universities in the new government of his country, and thanked ABC for the demonstration in support of the scientific community of his country. <\/p>\n\n\n\n<figure class=\"wp-block-image size-large\"><img loading=\"lazy\" decoding=\"async\" width=\"1024\" height=\"682\" src=\"https:\/\/memoria.abc.org.br\/wp-content\/uploads\/2026\/01\/Imagem-4-1-1024x682.jpg\" alt=\"\" class=\"wp-image-926\" srcset=\"https:\/\/memoria.abc.org.br\/wp-content\/uploads\/2026\/01\/Imagem-4-1-1024x682.jpg 1024w, https:\/\/memoria.abc.org.br\/wp-content\/uploads\/2026\/01\/Imagem-4-1-300x200.jpg 300w, https:\/\/memoria.abc.org.br\/wp-content\/uploads\/2026\/01\/Imagem-4-1-768x512.jpg 768w, https:\/\/memoria.abc.org.br\/wp-content\/uploads\/2026\/01\/Imagem-4-1.jpg 1358w\" sizes=\"auto, (max-width: 1024px) 100vw, 1024px\" \/><figcaption class=\"wp-element-caption\"><strong>In the auditorium where the S20 was held, the delegates were located in the central part, the guests in the second row and, in the background, the observers<\/strong><\/figcaption><\/figure>\n\n\n\n<h2 class=\"wp-block-heading\"><strong>S20 Summit<\/strong><\/h2>\n\n\n\n<p>On July 1st and 2nd, the Science20 Summit met in Rio de Janeiro. The meeting formulated the basis of the group&#8217;s official communiqu\u00e9, addressed to the G20 Summit. &nbsp;<\/p>\n\n\n\n<ul class=\"wp-block-list\">\n<li><strong>Access the final document:<\/strong><\/li>\n<\/ul>\n\n\n\n<p><a href=\"https:\/\/www.abc.org.br\/2024\/07\/30\/comunicado-oficial-do-s20-ciencia-para-a-transformacao-mundial-2\/\"><strong>S20 Official Communiqu\u00e9: Science for World Transformation<\/strong><\/a><\/p>\n\n\n\n<ul class=\"wp-block-list\">\n<li><strong>Links to ABC&#8217;s stories about the S20 2024:<\/strong><\/li>\n<\/ul>\n\n\n\n<figure class=\"wp-block-embed is-type-wp-embed is-provider-abc-academia-brasileira-de-ci-ncias wp-block-embed-abc-academia-brasileira-de-ci-ncias\"><div class=\"wp-block-embed__wrapper\">\n<blockquote class=\"wp-embedded-content\" data-secret=\"IoGpWACYR9\"><a href=\"https:\/\/www.abc.org.br\/2024\/03\/12\/o-que-pensam-as-academias-nacionais-de-ciencia-do-g20\/\">O que pensam as academias nacionais de ci\u00eancia do G20?<\/a><\/blockquote><iframe loading=\"lazy\" class=\"embed-responsive-item\"  class=\"wp-embedded-content\" sandbox=\"allow-scripts\" security=\"restricted\" style=\"position: absolute; visibility: hidden;\" title=\"&#8220;O que pensam as academias nacionais de ci\u00eancia do G20?&#8221; &#8212; ABC - Academia Brasileira de Ci\u00eancias\" src=\"https:\/\/www.abc.org.br\/2024\/03\/12\/o-que-pensam-as-academias-nacionais-de-ciencia-do-g20\/embed\/#?secret=hIouVEbBso#?secret=IoGpWACYR9\" data-secret=\"IoGpWACYR9\" width=\"500\" height=\"282\" frameborder=\"0\" marginwidth=\"0\" marginheight=\"0\" scrolling=\"no\"><\/iframe>\n<\/div><\/figure>\n\n\n\n<figure class=\"wp-block-embed is-type-wp-embed is-provider-abc-academia-brasileira-de-ci-ncias wp-block-embed-abc-academia-brasileira-de-ci-ncias\"><div class=\"wp-block-embed__wrapper\">\n<blockquote class=\"wp-embedded-content\" data-secret=\"Fk2Z5QwG6O\"><a href=\"https:\/\/www.abc.org.br\/2024\/03\/13\/palestras-de-brasileiros-marcam-reuniao-de-iniciacao-do-science-20\/\">Palestras de brasileiros marcam reuni\u00e3o de Inicia\u00e7\u00e3o do Science 20<\/a><\/blockquote><iframe loading=\"lazy\" class=\"embed-responsive-item\"  class=\"wp-embedded-content\" sandbox=\"allow-scripts\" security=\"restricted\" style=\"position: absolute; visibility: hidden;\" title=\"&#8220;Palestras de brasileiros marcam reuni\u00e3o de Inicia\u00e7\u00e3o do Science 20&#8221; &#8212; ABC - Academia Brasileira de Ci\u00eancias\" src=\"https:\/\/www.abc.org.br\/2024\/03\/13\/palestras-de-brasileiros-marcam-reuniao-de-iniciacao-do-science-20\/embed\/#?secret=myNf90BIfU#?secret=Fk2Z5QwG6O\" data-secret=\"Fk2Z5QwG6O\" width=\"500\" height=\"282\" frameborder=\"0\" marginwidth=\"0\" marginheight=\"0\" scrolling=\"no\"><\/iframe>\n<\/div><\/figure>\n\n\n\n<figure class=\"wp-block-embed is-type-wp-embed is-provider-abc-academia-brasileira-de-ci-ncias wp-block-embed-abc-academia-brasileira-de-ci-ncias\"><div class=\"wp-block-embed__wrapper\">\n<blockquote class=\"wp-embedded-content\" data-secret=\"LOa2wDLytA\"><a href=\"https:\/\/www.abc.org.br\/2024\/07\/04\/cupula-do-s20-traz-recomendacoes-da-ciencia-para-o-g20\/\">C\u00fapula do S20 traz recomenda\u00e7\u00f5es da Ci\u00eancia para o G20<\/a><\/blockquote><iframe loading=\"lazy\" class=\"embed-responsive-item\"  class=\"wp-embedded-content\" sandbox=\"allow-scripts\" security=\"restricted\" style=\"position: absolute; visibility: hidden;\" title=\"&#8220;C\u00fapula do S20 traz recomenda\u00e7\u00f5es da Ci\u00eancia para o G20&#8221; &#8212; ABC - Academia Brasileira de Ci\u00eancias\" src=\"https:\/\/www.abc.org.br\/2024\/07\/04\/cupula-do-s20-traz-recomendacoes-da-ciencia-para-o-g20\/embed\/#?secret=YuzU9Ol8aC#?secret=LOa2wDLytA\" data-secret=\"LOa2wDLytA\" width=\"500\" height=\"282\" frameborder=\"0\" marginwidth=\"0\" marginheight=\"0\" scrolling=\"no\"><\/iframe>\n<\/div><\/figure>\n\n\n\n<ul class=\"wp-block-list\">\n<li><strong>Link to the playlist with all the broadcasts on YouTube:<\/strong><\/li>\n<\/ul>\n\n\n\n<figure class=\"wp-block-embed is-type-video is-provider-youtube wp-block-embed-youtube wp-embed-aspect-16-9 wp-has-aspect-ratio\"><div class=\"wp-block-embed__wrapper\">\n<div class=\"embed-responsive embed-responsive-16by9\"><iframe loading=\"lazy\" class=\"embed-responsive-item\"  title=\"Science for Global Transformation - S20 Inception Meeting - March 11\" width=\"500\" height=\"281\" src=\"https:\/\/www.youtube.com\/embed\/vz2bOwkdtuw?list=PLOMY7wSRDryYlIQEFlewEdLwbJ6sxBVop\" frameborder=\"0\" allow=\"accelerometer; autoplay; clipboard-write; encrypted-media; gyroscope; picture-in-picture; web-share\" referrerpolicy=\"strict-origin-when-cross-origin\" allowfullscreen><\/iframe><\/div>\n<\/div><\/figure>\n","protected":false},"excerpt":{"rendered":"<p>As part of Brazil&#8217;s presidency of the G20, ABC was in charge of organizing the meetings of the bloc&#8217;s science engagement group.<\/p>\n","protected":false},"author":1,"featured_media":919,"comment_status":"open","ping_status":"open","sticky":false,"template":"","format":"standard","meta":{"_acf_changed":false,"footnotes":""},"tags":[],"tipo":[36],"serie":[47],"class_list":["post-1032","post","type-post","status-publish","format-standard","has-post-thumbnail","hentry","tipo-report","serie-international-performance"],"acf":[],"yoast_head":"<!-- This site is optimized with the Yoast SEO plugin v26.8 - https:\/\/yoast.com\/product\/yoast-seo-wordpress\/ -->\n<title>ABC leads Science 20 2024 | Centro de Mem\u00f3ria da Academia Brasileira de Ci\u00eancias<\/title>\n<meta name=\"robots\" content=\"index, follow, max-snippet:-1, max-image-preview:large, max-video-preview:-1\" \/>\n<link rel=\"canonical\" href=\"https:\/\/memoria.abc.org.br\/en\/abc-leads-science-20-2024\/\" \/>\n<meta property=\"og:locale\" content=\"en_US\" \/>\n<meta property=\"og:type\" content=\"article\" \/>\n<meta property=\"og:title\" content=\"ABC leads Science 20 2024 | Centro de Mem\u00f3ria da Academia Brasileira de Ci\u00eancias\" \/>\n<meta property=\"og:description\" content=\"As part of Brazil&#039;s presidency of the G20, ABC was in charge of organizing the meetings of the bloc&#039;s science engagement group.\" \/>\n<meta property=\"og:url\" content=\"https:\/\/memoria.abc.org.br\/en\/abc-leads-science-20-2024\/\" \/>\n<meta property=\"og:site_name\" content=\"Centro de Mem\u00f3ria da Academia Brasileira de Ci\u00eancias\" \/>\n<meta property=\"article:publisher\" content=\"https:\/\/www.facebook.com\/abciencias\" \/>\n<meta property=\"article:published_time\" content=\"2026-01-23T19:18:00+00:00\" \/>\n<meta property=\"article:modified_time\" content=\"2026-01-26T14:47:28+00:00\" \/>\n<meta property=\"og:image\" content=\"https:\/\/memoria.abc.org.br\/wp-content\/uploads\/2026\/01\/science-20-2024.jpg\" \/>\n\t<meta property=\"og:image:width\" content=\"1920\" \/>\n\t<meta property=\"og:image:height\" content=\"1080\" \/>\n\t<meta property=\"og:image:type\" content=\"image\/jpeg\" \/>\n<meta name=\"author\" content=\"sintropika\" \/>\n<meta name=\"twitter:card\" content=\"summary_large_image\" \/>\n<meta name=\"twitter:creator\" content=\"@abciencias\" \/>\n<meta name=\"twitter:site\" content=\"@abciencias\" \/>\n<meta name=\"twitter:label1\" content=\"Written by\" \/>\n\t<meta name=\"twitter:data1\" content=\"sintropika\" \/>\n\t<meta name=\"twitter:label2\" content=\"Est. reading time\" \/>\n\t<meta name=\"twitter:data2\" content=\"6 minutes\" \/>\n<script type=\"application\/ld+json\" class=\"yoast-schema-graph\">{\"@context\":\"https:\/\/schema.org\",\"@graph\":[{\"@type\":\"Article\",\"@id\":\"https:\/\/memoria.abc.org.br\/en\/abc-leads-science-20-2024\/#article\",\"isPartOf\":{\"@id\":\"https:\/\/memoria.abc.org.br\/en\/abc-leads-science-20-2024\/\"},\"author\":{\"name\":\"sintropika\",\"@id\":\"https:\/\/memoria.abc.org.br\/en\/#\/schema\/person\/4734665e61d52f99d4534b5fd1cd1c46\"},\"headline\":\"ABC leads Science 20 2024\",\"datePublished\":\"2026-01-23T19:18:00+00:00\",\"dateModified\":\"2026-01-26T14:47:28+00:00\",\"mainEntityOfPage\":{\"@id\":\"https:\/\/memoria.abc.org.br\/en\/abc-leads-science-20-2024\/\"},\"wordCount\":1117,\"commentCount\":0,\"publisher\":{\"@id\":\"https:\/\/memoria.abc.org.br\/en\/#organization\"},\"image\":{\"@id\":\"https:\/\/memoria.abc.org.br\/en\/abc-leads-science-20-2024\/#primaryimage\"},\"thumbnailUrl\":\"https:\/\/memoria.abc.org.br\/wp-content\/uploads\/2026\/01\/science-20-2024.jpg\",\"inLanguage\":\"en-US\"},{\"@type\":\"WebPage\",\"@id\":\"https:\/\/memoria.abc.org.br\/en\/abc-leads-science-20-2024\/\",\"url\":\"https:\/\/memoria.abc.org.br\/en\/abc-leads-science-20-2024\/\",\"name\":\"ABC leads Science 20 2024 | Centro de Mem\u00f3ria da Academia Brasileira de Ci\u00eancias\",\"isPartOf\":{\"@id\":\"https:\/\/memoria.abc.org.br\/en\/#website\"},\"primaryImageOfPage\":{\"@id\":\"https:\/\/memoria.abc.org.br\/en\/abc-leads-science-20-2024\/#primaryimage\"},\"image\":{\"@id\":\"https:\/\/memoria.abc.org.br\/en\/abc-leads-science-20-2024\/#primaryimage\"},\"thumbnailUrl\":\"https:\/\/memoria.abc.org.br\/wp-content\/uploads\/2026\/01\/science-20-2024.jpg\",\"datePublished\":\"2026-01-23T19:18:00+00:00\",\"dateModified\":\"2026-01-26T14:47:28+00:00\",\"breadcrumb\":{\"@id\":\"https:\/\/memoria.abc.org.br\/en\/abc-leads-science-20-2024\/#breadcrumb\"},\"inLanguage\":\"en-US\",\"potentialAction\":[{\"@type\":\"ReadAction\",\"target\":[\"https:\/\/memoria.abc.org.br\/en\/abc-leads-science-20-2024\/\"]}]},{\"@type\":\"ImageObject\",\"inLanguage\":\"en-US\",\"@id\":\"https:\/\/memoria.abc.org.br\/en\/abc-leads-science-20-2024\/#primaryimage\",\"url\":\"https:\/\/memoria.abc.org.br\/wp-content\/uploads\/2026\/01\/science-20-2024.jpg\",\"contentUrl\":\"https:\/\/memoria.abc.org.br\/wp-content\/uploads\/2026\/01\/science-20-2024.jpg\",\"width\":1920,\"height\":1080},{\"@type\":\"BreadcrumbList\",\"@id\":\"https:\/\/memoria.abc.org.br\/en\/abc-leads-science-20-2024\/#breadcrumb\",\"itemListElement\":[{\"@type\":\"ListItem\",\"position\":1,\"name\":\"In\u00edcio\",\"item\":\"https:\/\/memoria.abc.org.br\/en\/\"},{\"@type\":\"ListItem\",\"position\":2,\"name\":\"ABC leads Science 20 2024\"}]},{\"@type\":\"WebSite\",\"@id\":\"https:\/\/memoria.abc.org.br\/en\/#website\",\"url\":\"https:\/\/memoria.abc.org.br\/en\/\",\"name\":\"Centro de Mem\u00f3ria da Academia Brasileira de Ci\u00eancias\",\"description\":\"\",\"publisher\":{\"@id\":\"https:\/\/memoria.abc.org.br\/en\/#organization\"},\"potentialAction\":[{\"@type\":\"SearchAction\",\"target\":{\"@type\":\"EntryPoint\",\"urlTemplate\":\"https:\/\/memoria.abc.org.br\/en\/?s={search_term_string}\"},\"query-input\":{\"@type\":\"PropertyValueSpecification\",\"valueRequired\":true,\"valueName\":\"search_term_string\"}}],\"inLanguage\":\"en-US\"},{\"@type\":\"Organization\",\"@id\":\"https:\/\/memoria.abc.org.br\/en\/#organization\",\"name\":\"Centro de Mem\u00f3ria da Academia Brasileira de Ci\u00eancias\",\"url\":\"https:\/\/memoria.abc.org.br\/en\/\",\"logo\":{\"@type\":\"ImageObject\",\"inLanguage\":\"en-US\",\"@id\":\"https:\/\/memoria.abc.org.br\/en\/#\/schema\/logo\/image\/\",\"url\":\"https:\/\/memoria.abc.org.br\/wp-content\/uploads\/2025\/11\/cropped-favicon.png\",\"contentUrl\":\"https:\/\/memoria.abc.org.br\/wp-content\/uploads\/2025\/11\/cropped-favicon.png\",\"width\":512,\"height\":512,\"caption\":\"Centro de Mem\u00f3ria da Academia Brasileira de Ci\u00eancias\"},\"image\":{\"@id\":\"https:\/\/memoria.abc.org.br\/en\/#\/schema\/logo\/image\/\"},\"sameAs\":[\"https:\/\/www.facebook.com\/abciencias\",\"https:\/\/x.com\/abciencias\",\"https:\/\/www.instagram.com\/abciencias\"]},{\"@type\":\"Person\",\"@id\":\"https:\/\/memoria.abc.org.br\/en\/#\/schema\/person\/4734665e61d52f99d4534b5fd1cd1c46\",\"name\":\"sintropika\",\"image\":{\"@type\":\"ImageObject\",\"inLanguage\":\"en-US\",\"@id\":\"https:\/\/memoria.abc.org.br\/en\/#\/schema\/person\/image\/\",\"url\":\"https:\/\/secure.gravatar.com\/avatar\/35d24915ddd39821c2eae3dc979a4439be79c1ab39a90d812d7f46a7cf0a717e?s=96&d=mm&r=g\",\"contentUrl\":\"https:\/\/secure.gravatar.com\/avatar\/35d24915ddd39821c2eae3dc979a4439be79c1ab39a90d812d7f46a7cf0a717e?s=96&d=mm&r=g\",\"caption\":\"sintropika\"},\"sameAs\":[\"https:\/\/memoria.abc.org.br\"]}]}<\/script>\n<!-- \/ Yoast SEO plugin. -->","yoast_head_json":{"title":"ABC leads Science 20 2024 | Centro de Mem\u00f3ria da Academia Brasileira de Ci\u00eancias","robots":{"index":"index","follow":"follow","max-snippet":"max-snippet:-1","max-image-preview":"max-image-preview:large","max-video-preview":"max-video-preview:-1"},"canonical":"https:\/\/memoria.abc.org.br\/en\/abc-leads-science-20-2024\/","og_locale":"en_US","og_type":"article","og_title":"ABC leads Science 20 2024 | Centro de Mem\u00f3ria da Academia Brasileira de Ci\u00eancias","og_description":"As part of Brazil's presidency of the G20, ABC was in charge of organizing the meetings of the bloc's science engagement group.","og_url":"https:\/\/memoria.abc.org.br\/en\/abc-leads-science-20-2024\/","og_site_name":"Centro de Mem\u00f3ria da Academia Brasileira de Ci\u00eancias","article_publisher":"https:\/\/www.facebook.com\/abciencias","article_published_time":"2026-01-23T19:18:00+00:00","article_modified_time":"2026-01-26T14:47:28+00:00","og_image":[{"width":1920,"height":1080,"url":"https:\/\/memoria.abc.org.br\/wp-content\/uploads\/2026\/01\/science-20-2024.jpg","type":"image\/jpeg"}],"author":"sintropika","twitter_card":"summary_large_image","twitter_creator":"@abciencias","twitter_site":"@abciencias","twitter_misc":{"Written by":"sintropika","Est. reading time":"6 minutes"},"schema":{"@context":"https:\/\/schema.org","@graph":[{"@type":"Article","@id":"https:\/\/memoria.abc.org.br\/en\/abc-leads-science-20-2024\/#article","isPartOf":{"@id":"https:\/\/memoria.abc.org.br\/en\/abc-leads-science-20-2024\/"},"author":{"name":"sintropika","@id":"https:\/\/memoria.abc.org.br\/en\/#\/schema\/person\/4734665e61d52f99d4534b5fd1cd1c46"},"headline":"ABC leads Science 20 2024","datePublished":"2026-01-23T19:18:00+00:00","dateModified":"2026-01-26T14:47:28+00:00","mainEntityOfPage":{"@id":"https:\/\/memoria.abc.org.br\/en\/abc-leads-science-20-2024\/"},"wordCount":1117,"commentCount":0,"publisher":{"@id":"https:\/\/memoria.abc.org.br\/en\/#organization"},"image":{"@id":"https:\/\/memoria.abc.org.br\/en\/abc-leads-science-20-2024\/#primaryimage"},"thumbnailUrl":"https:\/\/memoria.abc.org.br\/wp-content\/uploads\/2026\/01\/science-20-2024.jpg","inLanguage":"en-US"},{"@type":"WebPage","@id":"https:\/\/memoria.abc.org.br\/en\/abc-leads-science-20-2024\/","url":"https:\/\/memoria.abc.org.br\/en\/abc-leads-science-20-2024\/","name":"ABC leads Science 20 2024 | Centro de Mem\u00f3ria da Academia Brasileira de Ci\u00eancias","isPartOf":{"@id":"https:\/\/memoria.abc.org.br\/en\/#website"},"primaryImageOfPage":{"@id":"https:\/\/memoria.abc.org.br\/en\/abc-leads-science-20-2024\/#primaryimage"},"image":{"@id":"https:\/\/memoria.abc.org.br\/en\/abc-leads-science-20-2024\/#primaryimage"},"thumbnailUrl":"https:\/\/memoria.abc.org.br\/wp-content\/uploads\/2026\/01\/science-20-2024.jpg","datePublished":"2026-01-23T19:18:00+00:00","dateModified":"2026-01-26T14:47:28+00:00","breadcrumb":{"@id":"https:\/\/memoria.abc.org.br\/en\/abc-leads-science-20-2024\/#breadcrumb"},"inLanguage":"en-US","potentialAction":[{"@type":"ReadAction","target":["https:\/\/memoria.abc.org.br\/en\/abc-leads-science-20-2024\/"]}]},{"@type":"ImageObject","inLanguage":"en-US","@id":"https:\/\/memoria.abc.org.br\/en\/abc-leads-science-20-2024\/#primaryimage","url":"https:\/\/memoria.abc.org.br\/wp-content\/uploads\/2026\/01\/science-20-2024.jpg","contentUrl":"https:\/\/memoria.abc.org.br\/wp-content\/uploads\/2026\/01\/science-20-2024.jpg","width":1920,"height":1080},{"@type":"BreadcrumbList","@id":"https:\/\/memoria.abc.org.br\/en\/abc-leads-science-20-2024\/#breadcrumb","itemListElement":[{"@type":"ListItem","position":1,"name":"In\u00edcio","item":"https:\/\/memoria.abc.org.br\/en\/"},{"@type":"ListItem","position":2,"name":"ABC leads Science 20 2024"}]},{"@type":"WebSite","@id":"https:\/\/memoria.abc.org.br\/en\/#website","url":"https:\/\/memoria.abc.org.br\/en\/","name":"Centro de Mem\u00f3ria da Academia Brasileira de Ci\u00eancias","description":"","publisher":{"@id":"https:\/\/memoria.abc.org.br\/en\/#organization"},"potentialAction":[{"@type":"SearchAction","target":{"@type":"EntryPoint","urlTemplate":"https:\/\/memoria.abc.org.br\/en\/?s={search_term_string}"},"query-input":{"@type":"PropertyValueSpecification","valueRequired":true,"valueName":"search_term_string"}}],"inLanguage":"en-US"},{"@type":"Organization","@id":"https:\/\/memoria.abc.org.br\/en\/#organization","name":"Centro de Mem\u00f3ria da Academia Brasileira de Ci\u00eancias","url":"https:\/\/memoria.abc.org.br\/en\/","logo":{"@type":"ImageObject","inLanguage":"en-US","@id":"https:\/\/memoria.abc.org.br\/en\/#\/schema\/logo\/image\/","url":"https:\/\/memoria.abc.org.br\/wp-content\/uploads\/2025\/11\/cropped-favicon.png","contentUrl":"https:\/\/memoria.abc.org.br\/wp-content\/uploads\/2025\/11\/cropped-favicon.png","width":512,"height":512,"caption":"Centro de Mem\u00f3ria da Academia Brasileira de Ci\u00eancias"},"image":{"@id":"https:\/\/memoria.abc.org.br\/en\/#\/schema\/logo\/image\/"},"sameAs":["https:\/\/www.facebook.com\/abciencias","https:\/\/x.com\/abciencias","https:\/\/www.instagram.com\/abciencias"]},{"@type":"Person","@id":"https:\/\/memoria.abc.org.br\/en\/#\/schema\/person\/4734665e61d52f99d4534b5fd1cd1c46","name":"sintropika","image":{"@type":"ImageObject","inLanguage":"en-US","@id":"https:\/\/memoria.abc.org.br\/en\/#\/schema\/person\/image\/","url":"https:\/\/secure.gravatar.com\/avatar\/35d24915ddd39821c2eae3dc979a4439be79c1ab39a90d812d7f46a7cf0a717e?s=96&d=mm&r=g","contentUrl":"https:\/\/secure.gravatar.com\/avatar\/35d24915ddd39821c2eae3dc979a4439be79c1ab39a90d812d7f46a7cf0a717e?s=96&d=mm&r=g","caption":"sintropika"},"sameAs":["https:\/\/memoria.abc.org.br"]}]}},"_links":{"self":[{"href":"https:\/\/memoria.abc.org.br\/en\/wp-json\/wp\/v2\/posts\/1032","targetHints":{"allow":["GET"]}}],"collection":[{"href":"https:\/\/memoria.abc.org.br\/en\/wp-json\/wp\/v2\/posts"}],"about":[{"href":"https:\/\/memoria.abc.org.br\/en\/wp-json\/wp\/v2\/types\/post"}],"author":[{"embeddable":true,"href":"https:\/\/memoria.abc.org.br\/en\/wp-json\/wp\/v2\/users\/1"}],"replies":[{"embeddable":true,"href":"https:\/\/memoria.abc.org.br\/en\/wp-json\/wp\/v2\/comments?post=1032"}],"version-history":[{"count":1,"href":"https:\/\/memoria.abc.org.br\/en\/wp-json\/wp\/v2\/posts\/1032\/revisions"}],"predecessor-version":[{"id":1068,"href":"https:\/\/memoria.abc.org.br\/en\/wp-json\/wp\/v2\/posts\/1032\/revisions\/1068"}],"wp:featuredmedia":[{"embeddable":true,"href":"https:\/\/memoria.abc.org.br\/en\/wp-json\/wp\/v2\/media\/919"}],"wp:attachment":[{"href":"https:\/\/memoria.abc.org.br\/en\/wp-json\/wp\/v2\/media?parent=1032"}],"wp:term":[{"taxonomy":"post_tag","embeddable":true,"href":"https:\/\/memoria.abc.org.br\/en\/wp-json\/wp\/v2\/tags?post=1032"},{"taxonomy":"tipo","embeddable":true,"href":"https:\/\/memoria.abc.org.br\/en\/wp-json\/wp\/v2\/tipo?post=1032"},{"taxonomy":"serie","embeddable":true,"href":"https:\/\/memoria.abc.org.br\/en\/wp-json\/wp\/v2\/serie?post=1032"}],"curies":[{"name":"wp","href":"https:\/\/api.w.org\/{rel}","templated":true}]}}