{"id":981,"date":"2026-01-23T15:08:00","date_gmt":"2026-01-23T18:08:00","guid":{"rendered":"https:\/\/memoria.abc.org.br\/?p=981"},"modified":"2026-01-26T11:49:49","modified_gmt":"2026-01-26T14:49:49","slug":"brazilian-sciences-considerations-on-the-amazon","status":"publish","type":"post","link":"https:\/\/memoria.abc.org.br\/en\/brazilian-sciences-considerations-on-the-amazon\/","title":{"rendered":"Brazilian Science&#8217;s Considerations on the Amazon"},"content":{"rendered":"\n<p>On the occasion of COP 30, the Brazilian Academy of Sciences (ABC) launched the document \u201cBrazilian Science&#8217;s Considerations on the Amazon\u201d, the result of the efforts of the ABC&#8217;s working group on the biome (GT Amaz\u00f4nia), composed of Academics Adalberto Luis Val (coordinator, Inpa), Fabiano Lopes Thompson (UFRJ), Ima C\u00e9lia Guimar\u00e3es Vieira (MPEG), Karen Barbara Strier (Univ. de Wisconsin, EUA), Maria Teresa Fernandez Piedade (Inpa) and Neusa Hamada (Inpa).<\/p>\n\n\n\n<p>The document consists of 27 short thematic summaries prepared by specialists. The themes range from urbanism, human populations, biodiversity, water, energy, research and, of course, climate change. The summaries review the state of the art of current science on the topic and provide recommendations on topics for decision makers.&nbsp;<\/p>\n\n\n\n<p>Link to the report:<\/p>\n\n\n\n<p><a href=\"https:\/\/www.abc.org.br\/wp-content\/uploads\/2025\/11\/GT-Amazonia-Consideracoes-da-Ciencia-Brasileira-sobre-a-Amazonia-Versao-Web.pdf\">https:\/\/www.abc.org.br\/wp-content\/uploads\/2025\/11\/GT-Amazonia-Consideracoes-da-Ciencia-Brasileira-sobre-a-Amazonia-Versao-Web.pdf<\/a><\/p>\n","protected":false},"excerpt":{"rendered":"<p>Released during COP 30, a report with 27 short chapters gathers the state of the art of science for the region.<\/p>\n","protected":false},"author":1,"featured_media":949,"comment_status":"open","ping_status":"open","sticky":false,"template":"","format":"standard","meta":{"_acf_changed":false,"footnotes":""},"tags":[],"tipo":[35],"serie":[38],"class_list":["post-981","post","type-post","status-publish","format-standard","has-post-thumbnail","hentry","tipo-record","serie-abc-books-and-reports"],"acf":[],"yoast_head":"<!-- This site is optimized with the Yoast SEO plugin v26.8 - https:\/\/yoast.com\/product\/yoast-seo-wordpress\/ -->\n<title>Brazilian Science&#039;s Considerations on the Amazon | Centro de Mem\u00f3ria da Academia Brasileira de Ci\u00eancias<\/title>\n<meta name=\"robots\" content=\"index, follow, max-snippet:-1, max-image-preview:large, max-video-preview:-1\" \/>\n<link rel=\"canonical\" href=\"https:\/\/memoria.abc.org.br\/en\/brazilian-sciences-considerations-on-the-amazon\/\" \/>\n<meta property=\"og:locale\" content=\"en_US\" \/>\n<meta property=\"og:type\" content=\"article\" \/>\n<meta property=\"og:title\" content=\"Brazilian Science&#039;s Considerations on the Amazon | Centro de Mem\u00f3ria da Academia Brasileira de Ci\u00eancias\" \/>\n<meta property=\"og:description\" content=\"Released during COP 30, a report with 27 short chapters gathers the state of the art of science for the region.\" \/>\n<meta property=\"og:url\" content=\"https:\/\/memoria.abc.org.br\/en\/brazilian-sciences-considerations-on-the-amazon\/\" \/>\n<meta property=\"og:site_name\" content=\"Centro de Mem\u00f3ria da Academia Brasileira de Ci\u00eancias\" \/>\n<meta property=\"article:publisher\" content=\"https:\/\/www.facebook.com\/abciencias\" \/>\n<meta property=\"article:published_time\" content=\"2026-01-23T18:08:00+00:00\" \/>\n<meta property=\"article:modified_time\" content=\"2026-01-26T14:49:49+00:00\" \/>\n<meta property=\"og:image\" content=\"https:\/\/memoria.abc.org.br\/wp-content\/uploads\/2026\/01\/consideracoes-da-ciencia-brasileira-sobre-a-amazonia.jpg\" \/>\n\t<meta property=\"og:image:width\" content=\"1920\" \/>\n\t<meta property=\"og:image:height\" content=\"1080\" \/>\n\t<meta property=\"og:image:type\" content=\"image\/jpeg\" \/>\n<meta name=\"author\" content=\"sintropika\" \/>\n<meta name=\"twitter:card\" content=\"summary_large_image\" \/>\n<meta name=\"twitter:creator\" content=\"@abciencias\" \/>\n<meta name=\"twitter:site\" content=\"@abciencias\" \/>\n<meta name=\"twitter:label1\" content=\"Written by\" \/>\n\t<meta name=\"twitter:data1\" content=\"sintropika\" \/>\n\t<meta name=\"twitter:label2\" content=\"Est. reading time\" \/>\n\t<meta name=\"twitter:data2\" content=\"1 minute\" \/>\n<script type=\"application\/ld+json\" class=\"yoast-schema-graph\">{\"@context\":\"https:\/\/schema.org\",\"@graph\":[{\"@type\":\"Article\",\"@id\":\"https:\/\/memoria.abc.org.br\/en\/brazilian-sciences-considerations-on-the-amazon\/#article\",\"isPartOf\":{\"@id\":\"https:\/\/memoria.abc.org.br\/en\/brazilian-sciences-considerations-on-the-amazon\/\"},\"author\":{\"name\":\"sintropika\",\"@id\":\"https:\/\/memoria.abc.org.br\/en\/#\/schema\/person\/4734665e61d52f99d4534b5fd1cd1c46\"},\"headline\":\"Brazilian Science&#8217;s Considerations on the Amazon\",\"datePublished\":\"2026-01-23T18:08:00+00:00\",\"dateModified\":\"2026-01-26T14:49:49+00:00\",\"mainEntityOfPage\":{\"@id\":\"https:\/\/memoria.abc.org.br\/en\/brazilian-sciences-considerations-on-the-amazon\/\"},\"wordCount\":142,\"commentCount\":0,\"publisher\":{\"@id\":\"https:\/\/memoria.abc.org.br\/en\/#organization\"},\"image\":{\"@id\":\"https:\/\/memoria.abc.org.br\/en\/brazilian-sciences-considerations-on-the-amazon\/#primaryimage\"},\"thumbnailUrl\":\"https:\/\/memoria.abc.org.br\/wp-content\/uploads\/2026\/01\/consideracoes-da-ciencia-brasileira-sobre-a-amazonia.jpg\",\"inLanguage\":\"en-US\"},{\"@type\":\"WebPage\",\"@id\":\"https:\/\/memoria.abc.org.br\/en\/brazilian-sciences-considerations-on-the-amazon\/\",\"url\":\"https:\/\/memoria.abc.org.br\/en\/brazilian-sciences-considerations-on-the-amazon\/\",\"name\":\"Brazilian Science's Considerations on the Amazon | Centro de Mem\u00f3ria da Academia Brasileira de Ci\u00eancias\",\"isPartOf\":{\"@id\":\"https:\/\/memoria.abc.org.br\/en\/#website\"},\"primaryImageOfPage\":{\"@id\":\"https:\/\/memoria.abc.org.br\/en\/brazilian-sciences-considerations-on-the-amazon\/#primaryimage\"},\"image\":{\"@id\":\"https:\/\/memoria.abc.org.br\/en\/brazilian-sciences-considerations-on-the-amazon\/#primaryimage\"},\"thumbnailUrl\":\"https:\/\/memoria.abc.org.br\/wp-content\/uploads\/2026\/01\/consideracoes-da-ciencia-brasileira-sobre-a-amazonia.jpg\",\"datePublished\":\"2026-01-23T18:08:00+00:00\",\"dateModified\":\"2026-01-26T14:49:49+00:00\",\"breadcrumb\":{\"@id\":\"https:\/\/memoria.abc.org.br\/en\/brazilian-sciences-considerations-on-the-amazon\/#breadcrumb\"},\"inLanguage\":\"en-US\",\"potentialAction\":[{\"@type\":\"ReadAction\",\"target\":[\"https:\/\/memoria.abc.org.br\/en\/brazilian-sciences-considerations-on-the-amazon\/\"]}]},{\"@type\":\"ImageObject\",\"inLanguage\":\"en-US\",\"@id\":\"https:\/\/memoria.abc.org.br\/en\/brazilian-sciences-considerations-on-the-amazon\/#primaryimage\",\"url\":\"https:\/\/memoria.abc.org.br\/wp-content\/uploads\/2026\/01\/consideracoes-da-ciencia-brasileira-sobre-a-amazonia.jpg\",\"contentUrl\":\"https:\/\/memoria.abc.org.br\/wp-content\/uploads\/2026\/01\/consideracoes-da-ciencia-brasileira-sobre-a-amazonia.jpg\",\"width\":1920,\"height\":1080},{\"@type\":\"BreadcrumbList\",\"@id\":\"https:\/\/memoria.abc.org.br\/en\/brazilian-sciences-considerations-on-the-amazon\/#breadcrumb\",\"itemListElement\":[{\"@type\":\"ListItem\",\"position\":1,\"name\":\"In\u00edcio\",\"item\":\"https:\/\/memoria.abc.org.br\/en\/\"},{\"@type\":\"ListItem\",\"position\":2,\"name\":\"Brazilian Science&#8217;s Considerations on the Amazon\"}]},{\"@type\":\"WebSite\",\"@id\":\"https:\/\/memoria.abc.org.br\/en\/#website\",\"url\":\"https:\/\/memoria.abc.org.br\/en\/\",\"name\":\"Centro de Mem\u00f3ria da Academia Brasileira de Ci\u00eancias\",\"description\":\"\",\"publisher\":{\"@id\":\"https:\/\/memoria.abc.org.br\/en\/#organization\"},\"potentialAction\":[{\"@type\":\"SearchAction\",\"target\":{\"@type\":\"EntryPoint\",\"urlTemplate\":\"https:\/\/memoria.abc.org.br\/en\/?s={search_term_string}\"},\"query-input\":{\"@type\":\"PropertyValueSpecification\",\"valueRequired\":true,\"valueName\":\"search_term_string\"}}],\"inLanguage\":\"en-US\"},{\"@type\":\"Organization\",\"@id\":\"https:\/\/memoria.abc.org.br\/en\/#organization\",\"name\":\"Centro de Mem\u00f3ria da Academia Brasileira de Ci\u00eancias\",\"url\":\"https:\/\/memoria.abc.org.br\/en\/\",\"logo\":{\"@type\":\"ImageObject\",\"inLanguage\":\"en-US\",\"@id\":\"https:\/\/memoria.abc.org.br\/en\/#\/schema\/logo\/image\/\",\"url\":\"https:\/\/memoria.abc.org.br\/wp-content\/uploads\/2025\/11\/cropped-favicon.png\",\"contentUrl\":\"https:\/\/memoria.abc.org.br\/wp-content\/uploads\/2025\/11\/cropped-favicon.png\",\"width\":512,\"height\":512,\"caption\":\"Centro de Mem\u00f3ria da Academia Brasileira de Ci\u00eancias\"},\"image\":{\"@id\":\"https:\/\/memoria.abc.org.br\/en\/#\/schema\/logo\/image\/\"},\"sameAs\":[\"https:\/\/www.facebook.com\/abciencias\",\"https:\/\/x.com\/abciencias\",\"https:\/\/www.instagram.com\/abciencias\"]},{\"@type\":\"Person\",\"@id\":\"https:\/\/memoria.abc.org.br\/en\/#\/schema\/person\/4734665e61d52f99d4534b5fd1cd1c46\",\"name\":\"sintropika\",\"image\":{\"@type\":\"ImageObject\",\"inLanguage\":\"en-US\",\"@id\":\"https:\/\/memoria.abc.org.br\/en\/#\/schema\/person\/image\/\",\"url\":\"https:\/\/secure.gravatar.com\/avatar\/35d24915ddd39821c2eae3dc979a4439be79c1ab39a90d812d7f46a7cf0a717e?s=96&d=mm&r=g\",\"contentUrl\":\"https:\/\/secure.gravatar.com\/avatar\/35d24915ddd39821c2eae3dc979a4439be79c1ab39a90d812d7f46a7cf0a717e?s=96&d=mm&r=g\",\"caption\":\"sintropika\"},\"sameAs\":[\"https:\/\/memoria.abc.org.br\"]}]}<\/script>\n<!-- \/ Yoast SEO plugin. -->","yoast_head_json":{"title":"Brazilian Science's Considerations on the Amazon | Centro de Mem\u00f3ria da Academia Brasileira de Ci\u00eancias","robots":{"index":"index","follow":"follow","max-snippet":"max-snippet:-1","max-image-preview":"max-image-preview:large","max-video-preview":"max-video-preview:-1"},"canonical":"https:\/\/memoria.abc.org.br\/en\/brazilian-sciences-considerations-on-the-amazon\/","og_locale":"en_US","og_type":"article","og_title":"Brazilian Science's Considerations on the Amazon | Centro de Mem\u00f3ria da Academia Brasileira de Ci\u00eancias","og_description":"Released during COP 30, a report with 27 short chapters gathers the state of the art of science for the region.","og_url":"https:\/\/memoria.abc.org.br\/en\/brazilian-sciences-considerations-on-the-amazon\/","og_site_name":"Centro de Mem\u00f3ria da Academia Brasileira de Ci\u00eancias","article_publisher":"https:\/\/www.facebook.com\/abciencias","article_published_time":"2026-01-23T18:08:00+00:00","article_modified_time":"2026-01-26T14:49:49+00:00","og_image":[{"width":1920,"height":1080,"url":"https:\/\/memoria.abc.org.br\/wp-content\/uploads\/2026\/01\/consideracoes-da-ciencia-brasileira-sobre-a-amazonia.jpg","type":"image\/jpeg"}],"author":"sintropika","twitter_card":"summary_large_image","twitter_creator":"@abciencias","twitter_site":"@abciencias","twitter_misc":{"Written by":"sintropika","Est. reading time":"1 minute"},"schema":{"@context":"https:\/\/schema.org","@graph":[{"@type":"Article","@id":"https:\/\/memoria.abc.org.br\/en\/brazilian-sciences-considerations-on-the-amazon\/#article","isPartOf":{"@id":"https:\/\/memoria.abc.org.br\/en\/brazilian-sciences-considerations-on-the-amazon\/"},"author":{"name":"sintropika","@id":"https:\/\/memoria.abc.org.br\/en\/#\/schema\/person\/4734665e61d52f99d4534b5fd1cd1c46"},"headline":"Brazilian Science&#8217;s Considerations on the Amazon","datePublished":"2026-01-23T18:08:00+00:00","dateModified":"2026-01-26T14:49:49+00:00","mainEntityOfPage":{"@id":"https:\/\/memoria.abc.org.br\/en\/brazilian-sciences-considerations-on-the-amazon\/"},"wordCount":142,"commentCount":0,"publisher":{"@id":"https:\/\/memoria.abc.org.br\/en\/#organization"},"image":{"@id":"https:\/\/memoria.abc.org.br\/en\/brazilian-sciences-considerations-on-the-amazon\/#primaryimage"},"thumbnailUrl":"https:\/\/memoria.abc.org.br\/wp-content\/uploads\/2026\/01\/consideracoes-da-ciencia-brasileira-sobre-a-amazonia.jpg","inLanguage":"en-US"},{"@type":"WebPage","@id":"https:\/\/memoria.abc.org.br\/en\/brazilian-sciences-considerations-on-the-amazon\/","url":"https:\/\/memoria.abc.org.br\/en\/brazilian-sciences-considerations-on-the-amazon\/","name":"Brazilian Science's Considerations on the Amazon | Centro de Mem\u00f3ria da Academia Brasileira de Ci\u00eancias","isPartOf":{"@id":"https:\/\/memoria.abc.org.br\/en\/#website"},"primaryImageOfPage":{"@id":"https:\/\/memoria.abc.org.br\/en\/brazilian-sciences-considerations-on-the-amazon\/#primaryimage"},"image":{"@id":"https:\/\/memoria.abc.org.br\/en\/brazilian-sciences-considerations-on-the-amazon\/#primaryimage"},"thumbnailUrl":"https:\/\/memoria.abc.org.br\/wp-content\/uploads\/2026\/01\/consideracoes-da-ciencia-brasileira-sobre-a-amazonia.jpg","datePublished":"2026-01-23T18:08:00+00:00","dateModified":"2026-01-26T14:49:49+00:00","breadcrumb":{"@id":"https:\/\/memoria.abc.org.br\/en\/brazilian-sciences-considerations-on-the-amazon\/#breadcrumb"},"inLanguage":"en-US","potentialAction":[{"@type":"ReadAction","target":["https:\/\/memoria.abc.org.br\/en\/brazilian-sciences-considerations-on-the-amazon\/"]}]},{"@type":"ImageObject","inLanguage":"en-US","@id":"https:\/\/memoria.abc.org.br\/en\/brazilian-sciences-considerations-on-the-amazon\/#primaryimage","url":"https:\/\/memoria.abc.org.br\/wp-content\/uploads\/2026\/01\/consideracoes-da-ciencia-brasileira-sobre-a-amazonia.jpg","contentUrl":"https:\/\/memoria.abc.org.br\/wp-content\/uploads\/2026\/01\/consideracoes-da-ciencia-brasileira-sobre-a-amazonia.jpg","width":1920,"height":1080},{"@type":"BreadcrumbList","@id":"https:\/\/memoria.abc.org.br\/en\/brazilian-sciences-considerations-on-the-amazon\/#breadcrumb","itemListElement":[{"@type":"ListItem","position":1,"name":"In\u00edcio","item":"https:\/\/memoria.abc.org.br\/en\/"},{"@type":"ListItem","position":2,"name":"Brazilian Science&#8217;s Considerations on the Amazon"}]},{"@type":"WebSite","@id":"https:\/\/memoria.abc.org.br\/en\/#website","url":"https:\/\/memoria.abc.org.br\/en\/","name":"Centro de Mem\u00f3ria da Academia Brasileira de Ci\u00eancias","description":"","publisher":{"@id":"https:\/\/memoria.abc.org.br\/en\/#organization"},"potentialAction":[{"@type":"SearchAction","target":{"@type":"EntryPoint","urlTemplate":"https:\/\/memoria.abc.org.br\/en\/?s={search_term_string}"},"query-input":{"@type":"PropertyValueSpecification","valueRequired":true,"valueName":"search_term_string"}}],"inLanguage":"en-US"},{"@type":"Organization","@id":"https:\/\/memoria.abc.org.br\/en\/#organization","name":"Centro de Mem\u00f3ria da Academia Brasileira de Ci\u00eancias","url":"https:\/\/memoria.abc.org.br\/en\/","logo":{"@type":"ImageObject","inLanguage":"en-US","@id":"https:\/\/memoria.abc.org.br\/en\/#\/schema\/logo\/image\/","url":"https:\/\/memoria.abc.org.br\/wp-content\/uploads\/2025\/11\/cropped-favicon.png","contentUrl":"https:\/\/memoria.abc.org.br\/wp-content\/uploads\/2025\/11\/cropped-favicon.png","width":512,"height":512,"caption":"Centro de Mem\u00f3ria da Academia Brasileira de Ci\u00eancias"},"image":{"@id":"https:\/\/memoria.abc.org.br\/en\/#\/schema\/logo\/image\/"},"sameAs":["https:\/\/www.facebook.com\/abciencias","https:\/\/x.com\/abciencias","https:\/\/www.instagram.com\/abciencias"]},{"@type":"Person","@id":"https:\/\/memoria.abc.org.br\/en\/#\/schema\/person\/4734665e61d52f99d4534b5fd1cd1c46","name":"sintropika","image":{"@type":"ImageObject","inLanguage":"en-US","@id":"https:\/\/memoria.abc.org.br\/en\/#\/schema\/person\/image\/","url":"https:\/\/secure.gravatar.com\/avatar\/35d24915ddd39821c2eae3dc979a4439be79c1ab39a90d812d7f46a7cf0a717e?s=96&d=mm&r=g","contentUrl":"https:\/\/secure.gravatar.com\/avatar\/35d24915ddd39821c2eae3dc979a4439be79c1ab39a90d812d7f46a7cf0a717e?s=96&d=mm&r=g","caption":"sintropika"},"sameAs":["https:\/\/memoria.abc.org.br"]}]}},"_links":{"self":[{"href":"https:\/\/memoria.abc.org.br\/en\/wp-json\/wp\/v2\/posts\/981","targetHints":{"allow":["GET"]}}],"collection":[{"href":"https:\/\/memoria.abc.org.br\/en\/wp-json\/wp\/v2\/posts"}],"about":[{"href":"https:\/\/memoria.abc.org.br\/en\/wp-json\/wp\/v2\/types\/post"}],"author":[{"embeddable":true,"href":"https:\/\/memoria.abc.org.br\/en\/wp-json\/wp\/v2\/users\/1"}],"replies":[{"embeddable":true,"href":"https:\/\/memoria.abc.org.br\/en\/wp-json\/wp\/v2\/comments?post=981"}],"version-history":[{"count":3,"href":"https:\/\/memoria.abc.org.br\/en\/wp-json\/wp\/v2\/posts\/981\/revisions"}],"predecessor-version":[{"id":1076,"href":"https:\/\/memoria.abc.org.br\/en\/wp-json\/wp\/v2\/posts\/981\/revisions\/1076"}],"wp:featuredmedia":[{"embeddable":true,"href":"https:\/\/memoria.abc.org.br\/en\/wp-json\/wp\/v2\/media\/949"}],"wp:attachment":[{"href":"https:\/\/memoria.abc.org.br\/en\/wp-json\/wp\/v2\/media?parent=981"}],"wp:term":[{"taxonomy":"post_tag","embeddable":true,"href":"https:\/\/memoria.abc.org.br\/en\/wp-json\/wp\/v2\/tags?post=981"},{"taxonomy":"tipo","embeddable":true,"href":"https:\/\/memoria.abc.org.br\/en\/wp-json\/wp\/v2\/tipo?post=981"},{"taxonomy":"serie","embeddable":true,"href":"https:\/\/memoria.abc.org.br\/en\/wp-json\/wp\/v2\/serie?post=981"}],"curies":[{"name":"wp","href":"https:\/\/api.w.org\/{rel}","templated":true}]}}